{"id":3678,"date":"2022-12-21T19:56:12","date_gmt":"2022-12-21T22:56:12","guid":{"rendered":"https:\/\/jpkrajewski.com\/serie-dogs-in-the-wild-estreia-na-bbc\/"},"modified":"2024-03-13T19:58:39","modified_gmt":"2024-03-13T22:58:39","slug":"serie-dogs-in-the-wild-estreia-na-bbc","status":"publish","type":"post","link":"https:\/\/jpkrajewski.com\/en\/serie-dogs-in-the-wild-estreia-na-bbc\/","title":{"rendered":"Series &#8220;Dogs in the Wild&#8221; launched by the BBC"},"content":{"rendered":"<p>TV series <em>Dogs in the Wild: Meet the Family has just been launched by the BBC.<\/em><\/p>\n<p>This is the first series to concentrate solely on the family of dogs in the wild that has been produced by BBC Studios\u2019 Natural History Unit. Narrated by Chris Packham, this 3 x 60-minute series will feature astonishing cinematography, together with emotional and immersive storytelling around the remarkable members of one 37-strong family of wild dogs.<\/p>\n<p>Jo\u00e3o Paulo Krajewski was the director of photography for two sequences in the series about the maned wolf, alongside assistant Augusto Gomes. The team recorded a sequence about the behavior of the species, for Episode 1, and another about research on the species, which included the participation of Rog\u00e9rio Cunha de Paula and other researchers from the Pr\u00f3-Carn\u00edvoros Institute.<\/p>\n<p>The full series can be watched at the link below:<\/p>\n<p><a href=\"https:\/\/www.bbcearth.com\/shows\/dogs-in-the-wild-meet-the-family\">https:\/\/www.bbcearth.com\/shows\/dogs-in-the-wild-meet-the-family<\/a><\/p>\n","protected":false},"excerpt":{"rendered":"<p>TV series Dogs in the Wild: Meet the Family has just been launched by the BBC. This is the first series to concentrate solely on the family of dogs in&#8230;<\/p>\n","protected":false},"author":3,"featured_media":3566,"comment_status":"closed","ping_status":"closed","sticky":false,"template":"","format":"standard","meta":{"_acf_changed":false,"inline_featured_image":false,"footnotes":""},"categories":[51],"tags":[178,190,186,189,184,188,143,185,187],"class_list":{"0":"post-3678","1":"post","2":"type-post","3":"status-publish","4":"format-standard","5":"has-post-thumbnail","7":"category-premieres","8":"tag-bbc-en","9":"tag-cameraman-en","10":"tag-canines-en","11":"tag-cinematography-en","12":"tag-dogs-in-the-wild-en","13":"tag-filmmaking-en","14":"tag-joao-paulo-krajewski-en","15":"tag-maned-wolf-en","16":"tag-wild-dogs-en"},"acf":[],"yoast_head":"<!-- This site is optimized with the Yoast SEO plugin v27.4 - https:\/\/yoast.com\/product\/yoast-seo-wordpress\/ -->\n<title>Series &quot;Dogs in the Wild&quot; launched by the BBC - JO\u00c3O PAULO KRAJEWSKI<\/title>\n<meta name=\"robots\" content=\"index, follow, max-snippet:-1, max-image-preview:large, max-video-preview:-1\" \/>\n<link rel=\"canonical\" href=\"https:\/\/jpkrajewski.com\/en\/serie-dogs-in-the-wild-estreia-na-bbc\/\" \/>\n<meta property=\"og:locale\" content=\"en_US\" \/>\n<meta property=\"og:type\" content=\"article\" \/>\n<meta property=\"og:title\" content=\"Series &quot;Dogs in the Wild&quot; launched by the BBC - JO\u00c3O PAULO KRAJEWSKI\" \/>\n<meta property=\"og:description\" content=\"TV series Dogs in the Wild: Meet the Family has just been launched by the BBC. This is the first series to concentrate solely on the family of dogs in...\" \/>\n<meta property=\"og:url\" content=\"https:\/\/jpkrajewski.com\/en\/serie-dogs-in-the-wild-estreia-na-bbc\/\" \/>\n<meta property=\"og:site_name\" content=\"JO\u00c3O PAULO KRAJEWSKI\" \/>\n<meta property=\"article:published_time\" content=\"2022-12-21T22:56:12+00:00\" \/>\n<meta property=\"article:modified_time\" content=\"2024-03-13T22:58:39+00:00\" \/>\n<meta property=\"og:image\" content=\"https:\/\/jpkrajewski.com\/wp-content\/uploads\/2024\/03\/Screenshot-2024-03-10-at-16.16.45-1280x720.png\" \/>\n\t<meta property=\"og:image:width\" content=\"1280\" \/>\n\t<meta property=\"og:image:height\" content=\"720\" \/>\n\t<meta property=\"og:image:type\" content=\"image\/png\" \/>\n<meta name=\"author\" content=\"Roberta Bonaldo\" \/>\n<meta name=\"twitter:card\" content=\"summary_large_image\" \/>\n<meta name=\"twitter:label1\" content=\"Written by\" \/>\n\t<meta name=\"twitter:data1\" content=\"Roberta Bonaldo\" \/>\n\t<meta name=\"twitter:label2\" content=\"Est. reading time\" \/>\n\t<meta name=\"twitter:data2\" content=\"1 minute\" \/>\n<script type=\"application\/ld+json\" class=\"yoast-schema-graph\">{\"@context\":\"https:\\\/\\\/schema.org\",\"@graph\":[{\"@type\":\"Article\",\"@id\":\"https:\\\/\\\/jpkrajewski.com\\\/en\\\/serie-dogs-in-the-wild-estreia-na-bbc\\\/#article\",\"isPartOf\":{\"@id\":\"https:\\\/\\\/jpkrajewski.com\\\/en\\\/serie-dogs-in-the-wild-estreia-na-bbc\\\/\"},\"author\":{\"name\":\"Roberta Bonaldo\",\"@id\":\"https:\\\/\\\/jpkrajewski.com\\\/#\\\/schema\\\/person\\\/717f900e3f3ef3d487bc5d227f3eb0f0\"},\"headline\":\"Series &#8220;Dogs in the Wild&#8221; launched by the BBC\",\"datePublished\":\"2022-12-21T22:56:12+00:00\",\"dateModified\":\"2024-03-13T22:58:39+00:00\",\"mainEntityOfPage\":{\"@id\":\"https:\\\/\\\/jpkrajewski.com\\\/en\\\/serie-dogs-in-the-wild-estreia-na-bbc\\\/\"},\"wordCount\":158,\"image\":{\"@id\":\"https:\\\/\\\/jpkrajewski.com\\\/en\\\/serie-dogs-in-the-wild-estreia-na-bbc\\\/#primaryimage\"},\"thumbnailUrl\":\"https:\\\/\\\/jpkrajewski.com\\\/wp-content\\\/uploads\\\/2024\\\/03\\\/Screenshot-2024-03-10-at-16.16.45.png\",\"keywords\":[\"bbc\",\"cameraman\",\"canines\",\"cinematography\",\"Dogs in the wild\",\"filmmaking\",\"Jo\u00e3o Paulo Krajewski\",\"maned wolf\",\"wild dogs\"],\"articleSection\":[\"Premieres\"],\"inLanguage\":\"en-US\"},{\"@type\":\"WebPage\",\"@id\":\"https:\\\/\\\/jpkrajewski.com\\\/en\\\/serie-dogs-in-the-wild-estreia-na-bbc\\\/\",\"url\":\"https:\\\/\\\/jpkrajewski.com\\\/en\\\/serie-dogs-in-the-wild-estreia-na-bbc\\\/\",\"name\":\"Series \\\"Dogs in the Wild\\\" launched by the BBC - JO\u00c3O PAULO KRAJEWSKI\",\"isPartOf\":{\"@id\":\"https:\\\/\\\/jpkrajewski.com\\\/#website\"},\"primaryImageOfPage\":{\"@id\":\"https:\\\/\\\/jpkrajewski.com\\\/en\\\/serie-dogs-in-the-wild-estreia-na-bbc\\\/#primaryimage\"},\"image\":{\"@id\":\"https:\\\/\\\/jpkrajewski.com\\\/en\\\/serie-dogs-in-the-wild-estreia-na-bbc\\\/#primaryimage\"},\"thumbnailUrl\":\"https:\\\/\\\/jpkrajewski.com\\\/wp-content\\\/uploads\\\/2024\\\/03\\\/Screenshot-2024-03-10-at-16.16.45.png\",\"datePublished\":\"2022-12-21T22:56:12+00:00\",\"dateModified\":\"2024-03-13T22:58:39+00:00\",\"author\":{\"@id\":\"https:\\\/\\\/jpkrajewski.com\\\/#\\\/schema\\\/person\\\/717f900e3f3ef3d487bc5d227f3eb0f0\"},\"breadcrumb\":{\"@id\":\"https:\\\/\\\/jpkrajewski.com\\\/en\\\/serie-dogs-in-the-wild-estreia-na-bbc\\\/#breadcrumb\"},\"inLanguage\":\"en-US\",\"potentialAction\":[{\"@type\":\"ReadAction\",\"target\":[\"https:\\\/\\\/jpkrajewski.com\\\/en\\\/serie-dogs-in-the-wild-estreia-na-bbc\\\/\"]}]},{\"@type\":\"ImageObject\",\"inLanguage\":\"en-US\",\"@id\":\"https:\\\/\\\/jpkrajewski.com\\\/en\\\/serie-dogs-in-the-wild-estreia-na-bbc\\\/#primaryimage\",\"url\":\"https:\\\/\\\/jpkrajewski.com\\\/wp-content\\\/uploads\\\/2024\\\/03\\\/Screenshot-2024-03-10-at-16.16.45.png\",\"contentUrl\":\"https:\\\/\\\/jpkrajewski.com\\\/wp-content\\\/uploads\\\/2024\\\/03\\\/Screenshot-2024-03-10-at-16.16.45.png\",\"width\":2546,\"height\":1432},{\"@type\":\"BreadcrumbList\",\"@id\":\"https:\\\/\\\/jpkrajewski.com\\\/en\\\/serie-dogs-in-the-wild-estreia-na-bbc\\\/#breadcrumb\",\"itemListElement\":[{\"@type\":\"ListItem\",\"position\":1,\"name\":\"In\u00edcio\",\"item\":\"https:\\\/\\\/jpkrajewski.com\\\/en\\\/\"},{\"@type\":\"ListItem\",\"position\":2,\"name\":\"Series &#8220;Dogs in the Wild&#8221; launched by the BBC\"}]},{\"@type\":\"WebSite\",\"@id\":\"https:\\\/\\\/jpkrajewski.com\\\/#website\",\"url\":\"https:\\\/\\\/jpkrajewski.com\\\/\",\"name\":\"JO\u00c3O PAULO KRAJEWSKI\",\"description\":\"Wildlife Photo &amp; Video\",\"potentialAction\":[{\"@type\":\"SearchAction\",\"target\":{\"@type\":\"EntryPoint\",\"urlTemplate\":\"https:\\\/\\\/jpkrajewski.com\\\/?s={search_term_string}\"},\"query-input\":{\"@type\":\"PropertyValueSpecification\",\"valueRequired\":true,\"valueName\":\"search_term_string\"}}],\"inLanguage\":\"en-US\"},{\"@type\":\"Person\",\"@id\":\"https:\\\/\\\/jpkrajewski.com\\\/#\\\/schema\\\/person\\\/717f900e3f3ef3d487bc5d227f3eb0f0\",\"name\":\"Roberta Bonaldo\",\"url\":\"https:\\\/\\\/jpkrajewski.com\\\/en\\\/author\\\/roberta_adm\\\/\"}]}<\/script>\n<!-- \/ Yoast SEO plugin. -->","yoast_head_json":{"title":"Series \"Dogs in the Wild\" launched by the BBC - JO\u00c3O PAULO KRAJEWSKI","robots":{"index":"index","follow":"follow","max-snippet":"max-snippet:-1","max-image-preview":"max-image-preview:large","max-video-preview":"max-video-preview:-1"},"canonical":"https:\/\/jpkrajewski.com\/en\/serie-dogs-in-the-wild-estreia-na-bbc\/","og_locale":"en_US","og_type":"article","og_title":"Series \"Dogs in the Wild\" launched by the BBC - JO\u00c3O PAULO KRAJEWSKI","og_description":"TV series Dogs in the Wild: Meet the Family has just been launched by the BBC. This is the first series to concentrate solely on the family of dogs in...","og_url":"https:\/\/jpkrajewski.com\/en\/serie-dogs-in-the-wild-estreia-na-bbc\/","og_site_name":"JO\u00c3O PAULO KRAJEWSKI","article_published_time":"2022-12-21T22:56:12+00:00","article_modified_time":"2024-03-13T22:58:39+00:00","og_image":[{"width":1280,"height":720,"url":"https:\/\/jpkrajewski.com\/wp-content\/uploads\/2024\/03\/Screenshot-2024-03-10-at-16.16.45-1280x720.png","type":"image\/png"}],"author":"Roberta Bonaldo","twitter_card":"summary_large_image","twitter_misc":{"Written by":"Roberta Bonaldo","Est. reading time":"1 minute"},"schema":{"@context":"https:\/\/schema.org","@graph":[{"@type":"Article","@id":"https:\/\/jpkrajewski.com\/en\/serie-dogs-in-the-wild-estreia-na-bbc\/#article","isPartOf":{"@id":"https:\/\/jpkrajewski.com\/en\/serie-dogs-in-the-wild-estreia-na-bbc\/"},"author":{"name":"Roberta Bonaldo","@id":"https:\/\/jpkrajewski.com\/#\/schema\/person\/717f900e3f3ef3d487bc5d227f3eb0f0"},"headline":"Series &#8220;Dogs in the Wild&#8221; launched by the BBC","datePublished":"2022-12-21T22:56:12+00:00","dateModified":"2024-03-13T22:58:39+00:00","mainEntityOfPage":{"@id":"https:\/\/jpkrajewski.com\/en\/serie-dogs-in-the-wild-estreia-na-bbc\/"},"wordCount":158,"image":{"@id":"https:\/\/jpkrajewski.com\/en\/serie-dogs-in-the-wild-estreia-na-bbc\/#primaryimage"},"thumbnailUrl":"https:\/\/jpkrajewski.com\/wp-content\/uploads\/2024\/03\/Screenshot-2024-03-10-at-16.16.45.png","keywords":["bbc","cameraman","canines","cinematography","Dogs in the wild","filmmaking","Jo\u00e3o Paulo Krajewski","maned wolf","wild dogs"],"articleSection":["Premieres"],"inLanguage":"en-US"},{"@type":"WebPage","@id":"https:\/\/jpkrajewski.com\/en\/serie-dogs-in-the-wild-estreia-na-bbc\/","url":"https:\/\/jpkrajewski.com\/en\/serie-dogs-in-the-wild-estreia-na-bbc\/","name":"Series \"Dogs in the Wild\" launched by the BBC - JO\u00c3O PAULO KRAJEWSKI","isPartOf":{"@id":"https:\/\/jpkrajewski.com\/#website"},"primaryImageOfPage":{"@id":"https:\/\/jpkrajewski.com\/en\/serie-dogs-in-the-wild-estreia-na-bbc\/#primaryimage"},"image":{"@id":"https:\/\/jpkrajewski.com\/en\/serie-dogs-in-the-wild-estreia-na-bbc\/#primaryimage"},"thumbnailUrl":"https:\/\/jpkrajewski.com\/wp-content\/uploads\/2024\/03\/Screenshot-2024-03-10-at-16.16.45.png","datePublished":"2022-12-21T22:56:12+00:00","dateModified":"2024-03-13T22:58:39+00:00","author":{"@id":"https:\/\/jpkrajewski.com\/#\/schema\/person\/717f900e3f3ef3d487bc5d227f3eb0f0"},"breadcrumb":{"@id":"https:\/\/jpkrajewski.com\/en\/serie-dogs-in-the-wild-estreia-na-bbc\/#breadcrumb"},"inLanguage":"en-US","potentialAction":[{"@type":"ReadAction","target":["https:\/\/jpkrajewski.com\/en\/serie-dogs-in-the-wild-estreia-na-bbc\/"]}]},{"@type":"ImageObject","inLanguage":"en-US","@id":"https:\/\/jpkrajewski.com\/en\/serie-dogs-in-the-wild-estreia-na-bbc\/#primaryimage","url":"https:\/\/jpkrajewski.com\/wp-content\/uploads\/2024\/03\/Screenshot-2024-03-10-at-16.16.45.png","contentUrl":"https:\/\/jpkrajewski.com\/wp-content\/uploads\/2024\/03\/Screenshot-2024-03-10-at-16.16.45.png","width":2546,"height":1432},{"@type":"BreadcrumbList","@id":"https:\/\/jpkrajewski.com\/en\/serie-dogs-in-the-wild-estreia-na-bbc\/#breadcrumb","itemListElement":[{"@type":"ListItem","position":1,"name":"In\u00edcio","item":"https:\/\/jpkrajewski.com\/en\/"},{"@type":"ListItem","position":2,"name":"Series &#8220;Dogs in the Wild&#8221; launched by the BBC"}]},{"@type":"WebSite","@id":"https:\/\/jpkrajewski.com\/#website","url":"https:\/\/jpkrajewski.com\/","name":"JO\u00c3O PAULO KRAJEWSKI","description":"Wildlife Photo &amp; Video","potentialAction":[{"@type":"SearchAction","target":{"@type":"EntryPoint","urlTemplate":"https:\/\/jpkrajewski.com\/?s={search_term_string}"},"query-input":{"@type":"PropertyValueSpecification","valueRequired":true,"valueName":"search_term_string"}}],"inLanguage":"en-US"},{"@type":"Person","@id":"https:\/\/jpkrajewski.com\/#\/schema\/person\/717f900e3f3ef3d487bc5d227f3eb0f0","name":"Roberta Bonaldo","url":"https:\/\/jpkrajewski.com\/en\/author\/roberta_adm\/"}]}},"_links":{"self":[{"href":"https:\/\/jpkrajewski.com\/en\/wp-json\/wp\/v2\/posts\/3678","targetHints":{"allow":["GET"]}}],"collection":[{"href":"https:\/\/jpkrajewski.com\/en\/wp-json\/wp\/v2\/posts"}],"about":[{"href":"https:\/\/jpkrajewski.com\/en\/wp-json\/wp\/v2\/types\/post"}],"author":[{"embeddable":true,"href":"https:\/\/jpkrajewski.com\/en\/wp-json\/wp\/v2\/users\/3"}],"replies":[{"embeddable":true,"href":"https:\/\/jpkrajewski.com\/en\/wp-json\/wp\/v2\/comments?post=3678"}],"version-history":[{"count":1,"href":"https:\/\/jpkrajewski.com\/en\/wp-json\/wp\/v2\/posts\/3678\/revisions"}],"predecessor-version":[{"id":3679,"href":"https:\/\/jpkrajewski.com\/en\/wp-json\/wp\/v2\/posts\/3678\/revisions\/3679"}],"wp:featuredmedia":[{"embeddable":true,"href":"https:\/\/jpkrajewski.com\/en\/wp-json\/wp\/v2\/media\/3566"}],"wp:attachment":[{"href":"https:\/\/jpkrajewski.com\/en\/wp-json\/wp\/v2\/media?parent=3678"}],"wp:term":[{"taxonomy":"category","embeddable":true,"href":"https:\/\/jpkrajewski.com\/en\/wp-json\/wp\/v2\/categories?post=3678"},{"taxonomy":"post_tag","embeddable":true,"href":"https:\/\/jpkrajewski.com\/en\/wp-json\/wp\/v2\/tags?post=3678"}],"curies":[{"name":"wp","href":"https:\/\/api.w.org\/{rel}","templated":true}]}}